{"id":4460,"date":"2020-10-05T14:26:42","date_gmt":"2020-10-05T14:26:42","guid":{"rendered":"https:\/\/yihr.me\/alb\/?p=4460"},"modified":"2020-10-21T07:29:13","modified_gmt":"2020-10-21T07:29:13","slug":"hapet-qendra-e-informacionit-dhe-dokumentimit-per-krimet-e-luftes-ne-podgorice","status":"publish","type":"post","link":"https:\/\/yihr.me\/alb\/hapet-qendra-e-informacionit-dhe-dokumentimit-per-krimet-e-luftes-ne-podgorice\/","title":{"rendered":"HAPET QENDRA E INFORMACIONIT DHE DOKUMENTIMIT P\u00cbR KRIMET E LUFT\u00cbS N\u00cb PODGORIC\u00cb"},"content":{"rendered":"<p>Presidenti i Parlamentit t\u00eb Malit t\u00eb Zi Aleksa Be\u00e7iq, Shefja e Delegacionit t\u00eb Bashkimit Evropian n\u00eb Malin e Zi Oana Kristina Popa dhe Millan Radoviq, p\u00ebrpara Nism\u00ebs t\u00eb Rinjve p\u00ebr t\u00eb Drejtat e Njeriut, hap\u00ebn sot zyrtarisht Qendr\u00ebn e Informacionit dhe Dokumentimit p\u00ebr Krimet e Luft\u00ebs. Qendra u krijua si pjes\u00eb e projektit &#8220;P\u00ebrgjegj\u00ebsia p\u00ebr t\u00eb kaluar\u00ebn&#8221; t\u00eb zbatuar nga Nisma e t\u00eb Rinjve p\u00ebr t\u00eb Drejtat e Njeriut, financuar nga Delegacioni i Bashkimit Evropian n\u00eb Malin e Zi, dhe bashk\u00eb-financuar nga Ministria e Administrat\u00ebs Publike.<!--more--><\/p>\n<p>Projekti po zbatohet n\u00eb bashk\u00ebpunim me Parlamentin e Malit t\u00eb Zi. Z. Be\u00e7iq theksoi r\u00ebnd\u00ebsin\u00eb e k\u00ebsaj Qendre dhe deklaroi se mbledhja e provave, deklaratave dhe informacioneve t\u00eb tjera mbi krimet e luft\u00ebs n\u00eb Malin e Zi, t\u00eb cilat do t\u00eb vihen n\u00eb dispozicion nga Parlamenti m\u00eb von\u00eb, tregon se shteti \u00ebsht\u00eb i gatsh\u00ebm t\u00eb jet\u00eb pjes\u00eb e shoq\u00ebrive p\u00ebrgjegj\u00ebse. Ai gjithashtu shtoi se hapja e Qendr\u00ebs \u00ebsht\u00eb nj\u00eb nxitje p\u00ebr pajtim dhe bashk\u00ebpunim, si vlera p\u00ebr t\u00eb cilat duhet t\u00eb kujdesemi n\u00eb m\u00ebnyr\u00eb q\u00eb t\u00eb p\u00ebrmir\u00ebsojn\u00eb m\u00eb tej marr\u00ebdh\u00ebniet n\u00eb ish-Jugosllavi.<\/p>\n<p>Shefja e Delegacionit t\u00eb BE-s\u00eb n\u00eb Mal t\u00eb Zi, Oana Kristina Popa, shprehu k\u00ebnaq\u00ebsin\u00eb q\u00eb Bashkimi Evropian po financon nj\u00eb projekt t\u00eb till\u00eb dhe se hapja e nj\u00eb qendre dokumentare mbi krimet e luft\u00ebs \u00ebsht\u00eb nj\u00eb moment i r\u00ebnd\u00ebsish\u00ebm n\u00eb historin\u00eb politike t\u00eb Malit t\u00eb Zi, n\u00eb drejtim t\u00eb ballafaqimitme t\u00eb kaluar\u00ebn dhe sh\u00ebrimit. Ajo deklaroi se, si shum\u00eb iniciativa t\u00eb tjera pajtimi, kjo ishte nisur nga sektori civil dhe ajo beson se Qendra duhet t\u00eb merret nga Parlamenti dhe institucionet e tjera p\u00ebr nj\u00eb menaxhim t\u00eb mir\u00eb t\u00eb procesit, mbledhjen dhe arkivimin e dokumenteve.<\/p>\n<p><img loading=\"lazy\" decoding=\"async\" src=\"https:\/\/yihr.me\/alb\/wp-content\/uploads\/2020\/10\/DSC_8080-732x1024.jpg\" alt=\"\" width=\"732\" height=\"1024\" class=\"size-large wp-image-4461 aligncenter\" srcset=\"https:\/\/yihr.me\/alb\/wp-content\/uploads\/2020\/10\/DSC_8080-732x1024.jpg 732w, https:\/\/yihr.me\/alb\/wp-content\/uploads\/2020\/10\/DSC_8080-214x300.jpg 214w, https:\/\/yihr.me\/alb\/wp-content\/uploads\/2020\/10\/DSC_8080-768x1075.jpg 768w, https:\/\/yihr.me\/alb\/wp-content\/uploads\/2020\/10\/DSC_8080-1097x1536.jpg 1097w, https:\/\/yihr.me\/alb\/wp-content\/uploads\/2020\/10\/DSC_8080-1463x2048.jpg 1463w, https:\/\/yihr.me\/alb\/wp-content\/uploads\/2020\/10\/DSC_8080-scaled.jpg 1829w\" sizes=\"auto, (max-width: 732px) 100vw, 732px\" \/><\/p>\n<p>&#8220;Megjith\u00ebse Mali i Zi vazhdon t\u00eb zbatoj\u00eb nj\u00eb strategji t\u00eb ndjekjes penale t\u00eb krimeve t\u00eb luft\u00ebs, p\u00ebrgjegj\u00ebsia p\u00ebr krimet e luft\u00ebs nuk \u00ebsht\u00eb vendosur plot\u00ebsisht. Nevojitet nj\u00eb qasje proaktive p\u00ebr hetimin, ndjekjen penale, gjykimin dhe nd\u00ebshkimin e krimeve t\u00eb luft\u00ebs n\u00eb p\u00ebrputhje me standardet nd\u00ebrkomb\u00ebtare. \u00cbsht\u00eb shum\u00eb e r\u00ebnd\u00ebsishme t\u00eb sigurohet q\u00eb viktimat e krimeve t\u00eb luft\u00ebs t\u00eb ken\u00eb qasje t\u00eb barabart\u00eb n\u00eb drejt\u00ebsi, n\u00eb p\u00ebrputhje me standardet evropiane dhe nd\u00ebrkomb\u00ebtare, dhe q\u00eb kompensimi t\u00eb jet\u00eb n\u00eb p\u00ebrputhje me detyrimet e vendit&#8221;, tha ambasadorja Popa.<\/p>\n<p>Koordinatori i projektit Millan Radoviq vuri n\u00eb dukje se q\u00ebllimi i projektit \u00ebsht\u00eb t\u00eb informoj\u00eb publikun p\u00ebr krimet e luft\u00ebs gjat\u00eb viteve 1990-a p\u00ebrmes pun\u00ebs s\u00eb Qendr\u00ebs, por gjithashtu t\u00eb mbledh\u00eb dokumentacion dhe materiale t\u00eb tjera n\u00eb lidhje me krimet e p\u00ebrmendura q\u00eb do t\u00eb jen\u00eb n\u00eb dispozicion, mbi t\u00eb gjitha, p\u00ebr zyren e prokurorit t\u00eb shtetit n\u00eb hapjen e hetimeve dhe procedurave t\u00eb reja, dhe pastaj p\u00ebr t\u00eb gjith\u00eb publikun.<\/p>\n<p>Z. Radoviq p\u00ebrfundoi me fjal\u00ebt: &#8220;Le t\u00eb jet\u00eb kjo Qend\u00ebr nj\u00eb garancion &#8211; p\u00ebr viktimat, q\u00eb nuk do ti harrojm\u00eb, dhe p\u00ebr brezat e ardhsh\u00ebm q\u00eb krimet t\u00eb mos ndodhin m\u00eb kurr\u00eb&#8221;, dhe u b\u00ebri thirrje t\u00eb gjith\u00eb qytetar\u00ebve, koleg\u00ebve nga sektori i OJQ-ve, studiuesve, gazetar\u00ebve, student\u00ebve, nx\u00ebn\u00ebsve dhe t\u00eb tjer\u00ebve p\u00ebr t\u00eb vizituar Qendr\u00ebn dhe p\u00ebr tu njohur me t\u00eb dh\u00ebnat dhe faktet q\u00eb gjenden atje.<\/p>\n<p>Qendra \u00ebsht\u00eb e vendosur n\u00eb rrug\u00ebn Studentka 37\/a, orari i pun\u00ebs nga ora 08:00 deri n\u00eb 15:00, dit\u00ebve t\u00eb pun\u00ebs.<\/p>\n<p>Nj\u00eb nga q\u00ebllimet kryesore t\u00eb projektit &#8220;\u201eNo impunity for the past\u201c&#8221; (P\u00ebrgjegj\u00ebsia p\u00ebr t\u00eb kaluar\u00ebn) \u00ebsht\u00eb t\u00eb hetoj\u00eb dhe dokumentoj\u00eb krimet e luft\u00ebs t\u00eb ndodhura gjat\u00eb viteve 90-a n\u00eb Mal t\u00eb Zi. Me zbatimin e tij, ne duam t\u00eb p\u00ebrmir\u00ebsojm\u00eb procesin e ballafaqimit me t\u00eb kaluar\u00ebn p\u00ebrmes ngritjes s\u00eb nj\u00eb Qendre dokumentacione dhe huumtuese, dhe duke k\u00ebrkuar t\u00eb fillojm\u00eb procedurat p\u00ebr t\u00eb p\u00ebrcaktuar p\u00ebrgjegj\u00ebsin\u00eb p\u00ebr krimet e luft\u00ebs q\u00eb ndodh\u00ebn n\u00eb Malin e Zi n\u00eb fillim t\u00eb viteve 1990.<\/p>\n<p>Vlera e projektit \u00ebsht\u00eb 159,299.00 euro dhe zgjat nga 2 dhjetori 2019 deri m\u00eb 2 gusht 2021. Projekti financohet nga Bashkimi Evropian dhe partner\u00ebt e projektit jan\u00eb OJQ Documenta nga Zagrebi, Nisma e t\u00eb Rinjve p\u00ebr t\u00eb Drejtat e Njeriut nga Serbia, OJQ Bukovica nga Plevlja, Parlamenti i Malit t\u00eb Zi dhe Fakulteti i Drejt\u00ebsis\u00eb i Universitetit t\u00eb Malit t\u00eb Zi.<\/p>\n","protected":false},"excerpt":{"rendered":"<p>Presidenti i Parlamentit t\u00eb Malit t\u00eb Zi Aleksa Be\u00e7iq, Shefja e Delegacionit t\u00eb Bashkimit Evropian n\u00eb Malin e Zi Oana Kristina Popa dhe Millan Radoviq, p\u00ebrpara Nism\u00ebs t\u00eb Rinjve p\u00ebr t\u00eb Drejtat e Njeriut, hap\u00ebn sot zyrtarisht Qendr\u00ebn e Informacionit dhe Dokumentimit p\u00ebr Krimet e Luft\u00ebs. Qendra u krijua si [&hellip;]<\/p>\n","protected":false},"author":1,"featured_media":0,"comment_status":"open","ping_status":"open","sticky":false,"template":"","format":"standard","meta":{"footnotes":""},"categories":[34],"tags":[],"class_list":["post-4460","post","type-post","status-publish","format-standard","hentry","category-news"],"aioseo_notices":[],"_links":{"self":[{"href":"https:\/\/yihr.me\/alb\/wp-json\/wp\/v2\/posts\/4460","targetHints":{"allow":["GET"]}}],"collection":[{"href":"https:\/\/yihr.me\/alb\/wp-json\/wp\/v2\/posts"}],"about":[{"href":"https:\/\/yihr.me\/alb\/wp-json\/wp\/v2\/types\/post"}],"author":[{"embeddable":true,"href":"https:\/\/yihr.me\/alb\/wp-json\/wp\/v2\/users\/1"}],"replies":[{"embeddable":true,"href":"https:\/\/yihr.me\/alb\/wp-json\/wp\/v2\/comments?post=4460"}],"version-history":[{"count":0,"href":"https:\/\/yihr.me\/alb\/wp-json\/wp\/v2\/posts\/4460\/revisions"}],"wp:attachment":[{"href":"https:\/\/yihr.me\/alb\/wp-json\/wp\/v2\/media?parent=4460"}],"wp:term":[{"taxonomy":"category","embeddable":true,"href":"https:\/\/yihr.me\/alb\/wp-json\/wp\/v2\/categories?post=4460"},{"taxonomy":"post_tag","embeddable":true,"href":"https:\/\/yihr.me\/alb\/wp-json\/wp\/v2\/tags?post=4460"}],"curies":[{"name":"wp","href":"https:\/\/api.w.org\/{rel}","templated":true}]}}