{"id":4511,"date":"2023-06-02T08:37:16","date_gmt":"2023-06-02T08:37:16","guid":{"rendered":"https:\/\/yihr.me\/alb\/?p=4511"},"modified":"2023-07-12T08:40:58","modified_gmt":"2023-07-12T08:40:58","slug":"afrimi-i-pikepamjeve-te-komuniteteve-fetare-dhe-popullates-lgbtiq","status":"publish","type":"post","link":"https:\/\/yihr.me\/alb\/afrimi-i-pikepamjeve-te-komuniteteve-fetare-dhe-popullates-lgbtiq\/","title":{"rendered":"AFRIMI I PIK\u00cbPAMJEVE T\u00cb KOMUNITETEVE FETARE DHE POPULLAT\u00cbS LGBTIQ+"},"content":{"rendered":"<p style=\"text-align: justify;\">Nisma e t\u00eb Rinjve p\u00ebr t\u00eb Drejtat e Njeriut ka organizuar takime gjat\u00eb dy muajve t\u00eb fundit, duke sjell\u00eb s\u00eb bashku p\u00ebrfaq\u00ebsues nga komunitetet fetare, komuniteti LGBTIQ+ dhe OJQ t\u00eb p\u00ebrfshira n\u00eb mbrojtjen dhe promovimin e t\u00eb drejtave t\u00eb njeriut. N\u00eb takime mor\u00ebn pjes\u00eb edhe p\u00ebrfaq\u00ebsues nga Ministria e t\u00eb Drejtave t\u00eb Njeriut dhe t\u00eb Pakicave si mb\u00ebshtet\u00ebs t\u00eb projektit &#8220;T\u00eb drejtat e njeriut nuk njohin orientim seksual &#8211; Diskriminimi ka t\u00eb nj\u00ebjtin kuptim p\u00ebr t\u00eb gjith\u00eb&#8221;.<!--more--><\/p>\n<p style=\"text-align: justify;\">Q\u00ebllimi i takimeve ishte shk\u00ebmbimi i pik\u00ebpamjeve dhe opinioneve mbi sfidat me t\u00eb cilat p\u00ebrballen individ\u00ebt LGBT, si dhe diskutimi i hapur i q\u00ebndrimeve t\u00eb komuniteteve fetare ndaj tyre, bazuar n\u00eb t\u00eb kuptuarit se diskriminimi n\u00eb \u00e7far\u00ebdo forme \u00ebsht\u00eb i pad\u00ebshiruesh\u00ebm. Takimet u moderuan nga psikologu dhe psikoterapisti Al-Ammar Ka\u0161i\u0107, q\u00ebllimi i t\u00eb cilit ishte t\u00eb siguronte q\u00eb z\u00ebrat dhe perspektivat e t\u00eb gjith\u00eb pjes\u00ebmarr\u00ebsve t\u00eb d\u00ebgjoheshin dhe kuptoheshin, duke nxitur dialogun n\u00eb nj\u00eb atmosfer\u00eb pranimi dhe mir\u00ebkuptimi.<\/p>\n<p style=\"text-align: justify;\">Takimet u organizuan n\u00eb tre segmente. Fillimisht u vendos kontakti me pjes\u00ebmarr\u00ebsit, t\u00eb ndjekur nga tre raunde pyetjesh q\u00eb thelloheshin n\u00eb dallimet dhe ngjashm\u00ebrit\u00eb thelb\u00ebsore nd\u00ebrmjet komuniteteve. M\u00eb n\u00eb fund, takimet u mbyll\u00ebn me fjal\u00ebn p\u00ebrfundimtare.<\/p>\n<p style=\"text-align: justify;\">\u00cbsht\u00eb e r\u00ebnd\u00ebsishme t\u00eb theksohet se takime t\u00eb tilla jan\u00eb nj\u00eb risi n\u00eb Mal t\u00eb Zi, dhe p\u00ebr k\u00ebt\u00eb arsye paraqesin nj\u00eb sfid\u00eb t\u00eb re dhe pritshm\u00ebri t\u00eb ndryshme p\u00ebr p\u00ebrfaq\u00ebsuesit e t\u00eb dy komuniteteve. Fatkeq\u00ebsisht, n\u00eb mbledhje mor\u00ebn pjes\u00eb vet\u00ebm p\u00ebrfaq\u00ebsues nga kishat ortodokse, nd\u00ebrsa prania e p\u00ebrfaq\u00ebsuesve t\u00eb tjer\u00eb mungoi, pavar\u00ebsisht konfirmimeve fillestare p\u00ebr pjes\u00ebmarrjen e tyre.<\/p>\n<p style=\"text-align: justify;\">N\u00eb raportin e tij p\u00ebr takimet, psikologu Kashiq deklaroi se &#8220;procesi i zhvillimit t\u00eb takimeve k\u00ebrkonte p\u00ebrpjekje dhe energji t\u00eb madhe p\u00ebr t\u00eb balancuar pik\u00ebpamjet e kund\u00ebrta t\u00eb dy pal\u00ebve q\u00eb nuk ishin takuar kurr\u00eb m\u00eb par\u00eb n\u00eb k\u00ebt\u00eb m\u00ebnyr\u00eb p\u00ebr t\u00eb zhvilluar biseda konstruktive p\u00ebr sfidat e bashk\u00ebjetes\u00ebs&#8221;. P\u00ebr t\u00eb siguruar nj\u00eb atmosfer\u00eb t\u00eb p\u00ebrshtatshme p\u00ebr dialog t\u00eb suksessh\u00ebm, psikologu p\u00ebrdori metoda psikologjike si d\u00ebgjimi aktiv dhe parafrazimi. &#8220;Fal\u00eb aplikimit t\u00eb k\u00ebtyre metodave, pas \u00e7do p\u00ebrgjigjeje, ne mund t\u00eb identifikonim problemin thelb\u00ebsor. Shpesh ndodhte q\u00eb pjes\u00ebmarr\u00ebsit t\u00eb kuptonin se problemet nuk ishin midis LGBTIQ+ dhe komuniteteve fetare, por mes qenieve njer\u00ebzore q\u00eb p\u00ebrpiqeshin t\u00eb gjenin nj\u00eb m\u00ebnyr\u00eb. t\u00eb ekzistosh n\u00eb nj\u00eb bot\u00eb shpesh plot me pak\u00ebnaq\u00ebsi dhe vuajtje.&#8221;<\/p>\n<p style=\"text-align: justify;\">N\u00eb raportin e tij, Kashiq dha rekomandime, duke p\u00ebrfshir\u00eb:<\/p>\n<ul>\n<li style=\"text-align: justify;\">Organizimi m\u00eb i shpesht\u00eb i takimeve t\u00eb tilla: Kjo ishte hera e par\u00eb q\u00eb p\u00ebrfaq\u00ebsuesit e k\u00ebtyre dy komuniteteve pat\u00ebn mund\u00ebsin\u00eb t\u00eb ulen n\u00eb t\u00eb nj\u00ebjt\u00ebn tryez\u00eb dhe t\u00eb angazhohen n\u00eb diskutime t\u00eb hapura. Vet\u00ebm ky hap p\u00ebrfaq\u00ebson p\u00ebrparim t\u00eb r\u00ebnd\u00ebsish\u00ebm drejt formimit t\u00eb nj\u00eb komuniteti t\u00eb v\u00ebrtet\u00eb gjith\u00ebp\u00ebrfshir\u00ebs dhe tolerant q\u00eb p\u00ebrqafon diversitetin.<\/li>\n<li style=\"text-align: justify;\">Krijimi i hap\u00ebsirave t\u00eb sigurta ku njer\u00ebzit mund t\u00eb japin p\u00ebrgjigje t\u00eb sinqerta p\u00ebr pyetjet dhe t\u00eb ofrojn\u00eb perspektiva t\u00eb v\u00ebrteta mbi tem\u00ebn: Vazhdimi i k\u00ebsaj praktike rrit dialogun konstruktiv dhe mir\u00ebkuptimin nd\u00ebrmjet t\u00eb dyja pal\u00ebve.<\/li>\n<li style=\"text-align: justify;\">Ndarja e historive personale pati nj\u00eb ndikim t\u00eb r\u00ebnd\u00ebsish\u00ebm, pasi mund\u00ebsoi thyerjen e barrierave nga t\u00eb dyja pal\u00ebt. D\u00ebgjuam p\u00ebr sfidat brenda t\u00eb dy komuniteteve, p\u00ebr johomogjenitetin e tyre p\u00ebrkund\u00ebr paraqitjeve t\u00eb jashtme, dhe p\u00ebr betejat e tyre t\u00eb brendshme me sfida t\u00eb shumta. K\u00ebto histori siguruan hap\u00ebsir\u00eb \u200b\u200bp\u00ebr t\u00eb kuptuar dhe njohur ngjashm\u00ebrit\u00eb.<\/li>\n<li style=\"text-align: justify;\">Takimet ishin t\u00eb mbyllura, me marr\u00ebveshje p\u00ebr konfidencialitetin e q\u00ebndrimeve t\u00eb shprehura. Mund t\u00eb jet\u00eb me vler\u00eb t\u00eb merret n\u00eb konsiderat\u00eb organizimi i takimeve t\u00eb ngjashme n\u00eb nj\u00eb hap\u00ebsir\u00eb \u200b\u200bapo format mediatik, t\u00eb tilla si debatet televizive, p\u00ebr shembull.<\/li>\n<li style=\"text-align: justify;\">Gjat\u00eb takimeve pat\u00ebm rastin t\u00eb d\u00ebgjojm\u00eb mendime dhe pik\u00ebpamje t\u00eb ndryshme n\u00eb lidhje me marr\u00ebdh\u00ebniet nd\u00ebrmjet komuniteteve fetare dhe komunitetit LGBTIQ+, shembuj pozitiv\u00eb t\u00eb bashk\u00ebpunimit dhe mir\u00ebkuptimit t\u00eb nd\u00ebrsjell\u00eb, si dhe pengesa t\u00eb r\u00ebnd\u00ebsishme q\u00eb duhen kap\u00ebrcyer n\u00eb t\u00eb ardhmen. \u00cbsht\u00eb thelb\u00ebsore t\u00eb vazhdohet dialogu dhe t\u00eb nd\u00ebrtohet besimi nd\u00ebrmjet k\u00ebtyre komuniteteve, duke u p\u00ebrpjekur p\u00ebr t\u00eb krijuar nj\u00eb mjedis miq\u00ebsor q\u00eb mund\u00ebson barazi dhe dinjitet p\u00ebr t\u00eb gjith\u00eb individ\u00ebt. T\u00eb gjitha fet\u00eb predikojn\u00eb dashurin\u00eb dhe nga dashuria mund t\u00eb lind\u00eb vet\u00ebm paqja dhe liria.<\/li>\n<\/ul>\n","protected":false},"excerpt":{"rendered":"<p>Nisma e t\u00eb Rinjve p\u00ebr t\u00eb Drejtat e Njeriut ka organizuar takime gjat\u00eb dy muajve t\u00eb fundit, duke sjell\u00eb s\u00eb bashku p\u00ebrfaq\u00ebsues nga komunitetet fetare, komuniteti LGBTIQ+ dhe OJQ t\u00eb p\u00ebrfshira n\u00eb mbrojtjen dhe promovimin e t\u00eb drejtave t\u00eb njeriut. N\u00eb takime mor\u00ebn pjes\u00eb edhe p\u00ebrfaq\u00ebsues nga Ministria e t\u00eb [&hellip;]<\/p>\n","protected":false},"author":1,"featured_media":4512,"comment_status":"open","ping_status":"open","sticky":false,"template":"","format":"standard","meta":{"footnotes":""},"categories":[34],"tags":[],"class_list":["post-4511","post","type-post","status-publish","format-standard","has-post-thumbnail","hentry","category-news"],"aioseo_notices":[],"_links":{"self":[{"href":"https:\/\/yihr.me\/alb\/wp-json\/wp\/v2\/posts\/4511","targetHints":{"allow":["GET"]}}],"collection":[{"href":"https:\/\/yihr.me\/alb\/wp-json\/wp\/v2\/posts"}],"about":[{"href":"https:\/\/yihr.me\/alb\/wp-json\/wp\/v2\/types\/post"}],"author":[{"embeddable":true,"href":"https:\/\/yihr.me\/alb\/wp-json\/wp\/v2\/users\/1"}],"replies":[{"embeddable":true,"href":"https:\/\/yihr.me\/alb\/wp-json\/wp\/v2\/comments?post=4511"}],"version-history":[{"count":0,"href":"https:\/\/yihr.me\/alb\/wp-json\/wp\/v2\/posts\/4511\/revisions"}],"wp:featuredmedia":[{"embeddable":true,"href":"https:\/\/yihr.me\/alb\/wp-json\/wp\/v2\/media\/4512"}],"wp:attachment":[{"href":"https:\/\/yihr.me\/alb\/wp-json\/wp\/v2\/media?parent=4511"}],"wp:term":[{"taxonomy":"category","embeddable":true,"href":"https:\/\/yihr.me\/alb\/wp-json\/wp\/v2\/categories?post=4511"},{"taxonomy":"post_tag","embeddable":true,"href":"https:\/\/yihr.me\/alb\/wp-json\/wp\/v2\/tags?post=4511"}],"curies":[{"name":"wp","href":"https:\/\/api.w.org\/{rel}","templated":true}]}}